{"id":14497,"date":"2025-09-29T13:30:35","date_gmt":"2025-09-29T13:30:35","guid":{"rendered":"https:\/\/www.umer.si\/?p=14497"},"modified":"2025-10-29T15:59:37","modified_gmt":"2025-10-29T15:59:37","slug":"lours-et-la-television","status":"publish","type":"post","link":"https:\/\/www.umer.si\/sl\/lours-et-la-television\/","title":{"rendered":"L&#8217;ours et la t\u00e9l\u00e9vision"},"content":{"rendered":"<div dir=\"auto\">Ilustratorka Elza Artemova je v svojem likovno barvitem slogu za francosko zalo\u017ebo Minedition ilustrirala slikanico z naslovom L&#8217;ours et la t\u00e9l\u00e9vision, avtorice Cl\u00e9mentine Michel.<\/div>\n<div dir=\"auto\"><\/div>\n<div dir=\"auto\"><\/div>\n<p><a href=\"https:\/\/www.umer.si\/wp-content\/uploads\/2025\/09\/1.jpg\"><img decoding=\"async\" class=\"alignnone size-medium wp-image-14538\" src=\"https:\/\/www.umer.si\/wp-content\/uploads\/2025\/09\/1-300x209.jpg\" alt=\"\" width=\"300\" height=\"209\" srcset=\"https:\/\/www.umer.si\/wp-content\/uploads\/2025\/09\/1-300x209.jpg 300w, https:\/\/www.umer.si\/wp-content\/uploads\/2025\/09\/1-1024x714.jpg 1024w, https:\/\/www.umer.si\/wp-content\/uploads\/2025\/09\/1-768x535.jpg 768w, https:\/\/www.umer.si\/wp-content\/uploads\/2025\/09\/1-728x507.jpg 728w, https:\/\/www.umer.si\/wp-content\/uploads\/2025\/09\/1-462x322.jpg 462w, https:\/\/www.umer.si\/wp-content\/uploads\/2025\/09\/1.jpg 1472w\" sizes=\"(max-width: 300px) 100vw, 300px\" \/><\/a><\/p>\n<p><a href=\"https:\/\/www.umer.si\/wp-content\/uploads\/2025\/09\/2.jpg\"><img decoding=\"async\" class=\"alignnone size-medium wp-image-14540\" src=\"https:\/\/www.umer.si\/wp-content\/uploads\/2025\/09\/2-300x209.jpg\" alt=\"\" width=\"300\" height=\"209\" srcset=\"https:\/\/www.umer.si\/wp-content\/uploads\/2025\/09\/2-300x209.jpg 300w, https:\/\/www.umer.si\/wp-content\/uploads\/2025\/09\/2-1024x714.jpg 1024w, https:\/\/www.umer.si\/wp-content\/uploads\/2025\/09\/2-768x535.jpg 768w, https:\/\/www.umer.si\/wp-content\/uploads\/2025\/09\/2-728x507.jpg 728w, https:\/\/www.umer.si\/wp-content\/uploads\/2025\/09\/2-462x322.jpg 462w, https:\/\/www.umer.si\/wp-content\/uploads\/2025\/09\/2.jpg 1478w\" sizes=\"(max-width: 300px) 100vw, 300px\" \/><\/a><\/p>\n<p><a href=\"https:\/\/www.umer.si\/wp-content\/uploads\/2025\/09\/3.jpg\"><img decoding=\"async\" class=\"alignnone size-medium wp-image-14542\" src=\"https:\/\/www.umer.si\/wp-content\/uploads\/2025\/09\/3-300x207.jpg\" alt=\"\" width=\"300\" height=\"207\" srcset=\"https:\/\/www.umer.si\/wp-content\/uploads\/2025\/09\/3-300x207.jpg 300w, https:\/\/www.umer.si\/wp-content\/uploads\/2025\/09\/3-1024x707.jpg 1024w, https:\/\/www.umer.si\/wp-content\/uploads\/2025\/09\/3-768x530.jpg 768w, https:\/\/www.umer.si\/wp-content\/uploads\/2025\/09\/3-728x503.jpg 728w, https:\/\/www.umer.si\/wp-content\/uploads\/2025\/09\/3-462x319.jpg 462w, https:\/\/www.umer.si\/wp-content\/uploads\/2025\/09\/3.jpg 1490w\" sizes=\"(max-width: 300px) 100vw, 300px\" \/><\/a><\/p>\n<div dir=\"auto\"><\/div>\n","protected":false},"excerpt":{"rendered":"<p>Ilustratorka Elza Artemova je v svojem likovno barvitem slogu za francosko zalo\u017ebo Minedition ilustrirala slikanico z naslovom L&#8217;ours et la t\u00e9l\u00e9vision, avtorice Cl\u00e9mentine Michel.<\/p>\n","protected":false},"author":9,"featured_media":14498,"comment_status":"closed","ping_status":"closed","sticky":false,"template":"","format":"standard","meta":{"_acf_changed":false,"inline_featured_image":false,"footnotes":""},"categories":[1],"tags":[],"acf":[],"_links":{"self":[{"href":"https:\/\/www.umer.si\/sl\/wp-json\/wp\/v2\/posts\/14497"}],"collection":[{"href":"https:\/\/www.umer.si\/sl\/wp-json\/wp\/v2\/posts"}],"about":[{"href":"https:\/\/www.umer.si\/sl\/wp-json\/wp\/v2\/types\/post"}],"author":[{"embeddable":true,"href":"https:\/\/www.umer.si\/sl\/wp-json\/wp\/v2\/users\/9"}],"replies":[{"embeddable":true,"href":"https:\/\/www.umer.si\/sl\/wp-json\/wp\/v2\/comments?post=14497"}],"version-history":[{"count":5,"href":"https:\/\/www.umer.si\/sl\/wp-json\/wp\/v2\/posts\/14497\/revisions"}],"predecessor-version":[{"id":14545,"href":"https:\/\/www.umer.si\/sl\/wp-json\/wp\/v2\/posts\/14497\/revisions\/14545"}],"wp:featuredmedia":[{"embeddable":true,"href":"https:\/\/www.umer.si\/sl\/wp-json\/wp\/v2\/media\/14498"}],"wp:attachment":[{"href":"https:\/\/www.umer.si\/sl\/wp-json\/wp\/v2\/media?parent=14497"}],"wp:term":[{"taxonomy":"category","embeddable":true,"href":"https:\/\/www.umer.si\/sl\/wp-json\/wp\/v2\/categories?post=14497"},{"taxonomy":"post_tag","embeddable":true,"href":"https:\/\/www.umer.si\/sl\/wp-json\/wp\/v2\/tags?post=14497"}],"curies":[{"name":"wp","href":"https:\/\/api.w.org\/{rel}","templated":true}]}}